{"id":79550,"date":"2025-10-08T23:05:31","date_gmt":"2025-10-08T20:05:31","guid":{"rendered":"http:\/\/www.commune-hammamet.gov.tn\/?p=79550"},"modified":"2026-04-29T11:50:39","modified_gmt":"2026-04-29T08:50:39","slug":"callas-cafe-restaurant-budapest-sziveben-bemutato","status":"publish","type":"post","link":"http:\/\/www.commune-hammamet.gov.tn\/?p=79550","title":{"rendered":"Callas Caf\u00e9 &amp; Restaurant Budapest sz\u00edv\u00e9ben \u2013 bemutat\u00f3"},"content":{"rendered":"<h2>Callas Caf\u00e9 &amp; Restaurant: Bevezet\u00e9s Budapest sz\u00edv\u00e9ben<\/h2>\n<p>A Callas Caf\u00e9 &amp; Restaurant azok k\u00f6z\u00e9 az <strong>\u00e9tterem Budapest<\/strong>-i helyek k\u00f6z\u00e9 tartozik, ahol m\u00e1r az els\u0151 pillanatban \u00e9rz\u0151dik, hogy a vend\u00e9gl\u00e1t\u00e1s nem puszt\u00e1n kiszolg\u00e1l\u00e1s, hanem \u00e9lm\u00e9ny. Az <strong>Andr\u00e1ssy \u00fat<\/strong> eleg\u00e1ns forgatag\u00e1ban, az <strong>Opera mellett<\/strong> elhelyezked\u0151 belv\u00e1rosi \u00e9tterem egyszerre sug\u00e1roz t\u00f6rt\u00e9nelmi hangulatot \u00e9s mai lend\u00fcletet. Ez a k\u00fcl\u00f6nleges poz\u00edci\u00f3 \u00f6nmag\u00e1ban is sokat el\u00e1rul: itt a v\u00e1rosi s\u00e9ta, a k\u00e1v\u00e9z\u00e1s \u00e9s az eml\u00e9kezetes vacsora term\u00e9szetesen kapcsol\u00f3dik \u00f6ssze.<\/p>\n<p>A hely \u00e9tteremst\u00edlus\u00e1t legink\u00e1bb a <strong>hagyom\u00e1ny \u00e9s modern<\/strong> finom egyens\u00falya jellemzi. A bels\u0151 t\u00e9r kifinomult, m\u00e9gis k\u00f6zvetlen, ez\u00e9rt a Callas egyszerre m\u0171k\u00f6dik eleg\u00e1ns <strong>k\u00e1v\u00e9z\u00f3<\/strong>k\u00e9nt \u00e9s karakteres gasztron\u00f3miai c\u00e9lpontk\u00e9nt. Aki a klasszikus eur\u00f3pai <strong>gasztron\u00f3mia<\/strong> \u00edzeit keresi, de nyitott a mai t\u00e1lal\u00e1sra \u00e9s letisztultabb megold\u00e1sokra is, itt k\u00f6nnyen otthon \u00e9rezheti mag\u00e1t.<\/p>\n<p>Ez a hely k\u00fcl\u00f6n\u00f6sen azoknak aj\u00e1nlhat\u00f3, akik egy v\u00e1rosi program el\u0151tt vagy ut\u00e1n szeretn\u00e9nek min\u0151s\u00e9gi id\u0151t t\u00f6lteni egy st\u00edlusos k\u00f6rnyezetben. A Callas nem hars\u00e1ny, nem t\u00falz\u00f3: ink\u00e1bb magabiztosan k\u00e9pviseli azt a fajta vend\u00e9gl\u00e1t\u00e1s kult\u00far\u00e1t, amelyben a r\u00e9szletek sz\u00e1m\u00edtanak. A fine dining szeml\u00e9let itt nem elt\u00e1vol\u00edt, hanem k\u00f6zelebb hoz az \u00e9lm\u00e9nyhez, ez\u00e9rt a hely egyar\u00e1nt vonz\u00f3 egy gyorsabb eb\u00e9dhez \u00e9s egy hosszabb, \u00fcnnepibb vacsor\u00e1hoz, k\u00fcl\u00f6n\u00f6sen, ha a belv\u00e1rosi \u00e9tterem <a href=\"https:\/\/callascafehu.com\/\">https:\/\/callascafehu.com\/<\/a> hangulata mellett d\u00f6nt\u00fcnk.<\/p>\n<p>R\u00f6viden: a Callas Caf\u00e9 &amp; Restaurant egy olyan <strong>belv\u00e1rosi \u00e9tterem<\/strong>, ahol az elhelyezked\u00e9s, a hangulat \u00e9s a konyha egym\u00e1st er\u0151s\u00edtik. Budapest egyik legikonikusabb pontj\u00e1n k\u00edn\u00e1l \u00e9rtelmezhet\u0151, eleg\u00e1ns \u00e9s \u00e9lm\u00e9nyszer\u0171 meg\u00e1ll\u00f3t mindazoknak, akik szeretik, ha egy \u00e9tkez\u00e9snek t\u00f6rt\u00e9nete is van.<\/p>\n<h2>Az \u00e9tterem elhelyezked\u00e9se: Andr\u00e1ssy \u00fat \u00e9s az Opera mellett<\/h2>\n<p>Budapest sz\u00edv\u00e9ben, az Andr\u00e1ssy \u00faton tal\u00e1lhat\u00f3 \u00e9ttermek egyed\u00fcl\u00e1ll\u00f3 \u00e9lm\u00e9nyeket k\u00edn\u00e1lnak a vend\u00e9geknek. Ez a f\u0151v\u00e1ros egyik legismertebb sug\u00e1r\u00fatja, amely a f\u0151v\u00e1ros kultur\u00e1lis \u00e9s gasztron\u00f3miai \u00e9let\u00e9nek k\u00f6z\u00e9ppontja. A <strong>fine dining<\/strong> \u00e9lm\u00e9nyek az Opera mellett tal\u00e1lhat\u00f3 helysz\u00edneken val\u00f3sulnak meg, ahol a hagyom\u00e1ny \u00e9s a modern gasztron\u00f3mia t\u00f6k\u00e9letes harm\u00f3ni\u00e1ban tal\u00e1lkozik.<\/p>\n<p>A belv\u00e1rosi \u00e9ttermek \u00e1ltal\u00e1ban nemcsak kiv\u00e1l\u00f3 \u00e9teleiket, hanem rendezett k\u00f6rnyezet\u00fcket is k\u00edn\u00e1lj\u00e1k. A <strong>vend\u00e9gl\u00e1t\u00e1s<\/strong> ter\u00e9n \u00e9lenj\u00e1r\u00f3 helyek t\u00e1rj\u00e1k fel Budapest gasztron\u00f3miai aj\u00e1nlat\u00e1t, amely minden l\u00e1togat\u00f3nak felejthetetlen \u00e9lm\u00e9nyt ny\u00fajt. Az Andr\u00e1ssy \u00faton t\u00f6bb olyan k\u00e1v\u00e9z\u00f3 tal\u00e1lhat\u00f3, ahol a helyi \u00edzek mellett nemzetk\u00f6zi k\u00fcl\u00f6nlegess\u00e9gek is szerepelnek az \u00e9tlapon.<\/p>\n<p>Ha az Opera k\u00f6zel\u00e9ben keres\u00fcnk \u00e9ttermet, \u00e9rdemes megeml\u00edteni a k\u00fcl\u00f6nb\u00f6z\u0151 \u00e9tteremst\u00edlusokat, amelyek k\u00f6z\u00fcl mindenki megtal\u00e1lhatja a sz\u00e1m\u00e1ra legmegfelel\u0151bbet. A l\u00e9gk\u00f6r bar\u00e1ts\u00e1gos \u00e9s h\u00edvogat\u00f3, ami m\u00e9g ink\u00e1bb hangs\u00falyozza a gasztron\u00f3miai \u00e9lm\u00e9ny fontoss\u00e1g\u00e1t. A l\u00e1togat\u00f3k itt val\u00f3ban felfedezhetik Budapest gasztron\u00f3miai soksz\u00edn\u0171s\u00e9g\u00e9t.<\/p>\n<p>Aki szereti az \u00e9ttermek \u00e1ltal ny\u00fajtott culture shock-ot, az Andr\u00e1ssy \u00faton \u00e9s az Opera mellett garant\u00e1ltan megtal\u00e1lja a sz\u00e1m\u00edt\u00e1sait. Az \u00ednycsikland\u00f3 \u00e9teleken t\u00fal a helysz\u00ednek ny\u00fajtotta \u00e9lm\u00e9nyek \u00f6n\u00e1ll\u00f3 fejezetet \u00e9rdemelnek Budapesten. Legyen sz\u00f3 romantikus vacsor\u00e1r\u00f3l vagy bar\u00e1ti \u00f6sszej\u00f6vetelr\u0151l, ez a helysz\u00edn minden alkalomra megfelel\u0151 v\u00e1laszt\u00e1s.<\/p>\n<h2>A gasztron\u00f3miai \u00e9lm\u00e9nyek: Fine dining \u00e9s hagyom\u00e1nyos \u00edzek<\/h2>\n<p>Budapest belv\u00e1ros\u00e1ban a gasztron\u00f3mia egyszerre tud eleg\u00e1ns \u00e9s k\u00f6zvetlen lenni. Egy j\u00f3 \u00e9tterem Budapest sz\u00edv\u00e9ben, k\u00fcl\u00f6n\u00f6sen az Andr\u00e1ssy \u00fat k\u00f6rny\u00e9k\u00e9n, nemcsak sz\u00e9p t\u00e1lal\u00e1ssal dolgozik, hanem val\u00f3di vend\u00e9gl\u00e1t\u00e1s \u00e9lm\u00e9nyt ad. Az Opera mellett tal\u00e1lhat\u00f3 helyek k\u00f6z\u00f6tt tal\u00e1lunk kifinomult fine dining \u00e9ttermeket \u00e9s olyan k\u00e1v\u00e9z\u00f3kat is, ahol a tradicion\u00e1lis reggelik \u00e9s a h\u00e1zias desszertek viszik a pr\u00edmet.<\/p>\n<p>Ez a kett\u0151ss\u00e9g teszi izgalmass\u00e1 a v\u00e1ros \u00e9tteremst\u00edlus\u00e1t: a hagyom\u00e1ny \u00e9s modern itt nem egym\u00e1s ellen dolgozik, hanem j\u00f3l kieg\u00e9sz\u00edti egym\u00e1st. Egy belv\u00e1rosi \u00e9tterem k\u00edn\u00e1lhat kort\u00e1rs magyar fog\u00e1sokat, szezon\u00e1lis alapanyagokkal, mik\u00f6zben a klasszikus \u00edzek, p\u00e9ld\u00e1ul a guly\u00e1s vagy a m\u00e1kos desszertek sem hi\u00e1nyoznak a k\u00edn\u00e1latb\u00f3l.<\/p>\n<p>A fine dining \u00e9lm\u00e9nyhez gyakran r\u00e9szletgazdag t\u00e1lal\u00e1s, gondosan \u00f6ssze\u00e1ll\u00edtott borlap \u00e9s figyelmes szem\u00e9lyzet t\u00e1rsul, m\u00edg a h\u00e9tk\u00f6znapibb helyeken a bar\u00e1ts\u00e1gos hangulat \u00e9s az ismer\u0151s \u00edzek domin\u00e1lnak. Mindkett\u0151 \u00e9rt\u00e9kes: az egyik k\u00fcl\u00f6nleges alkalmakra, a m\u00e1sik egy gyors, de min\u0151s\u00e9gi eb\u00e9dre t\u00f6k\u00e9letes v\u00e1laszt\u00e1s.<\/p>\n<h2>Vend\u00e9gl\u00e1t\u00e1s \u00e9s \u00e9tteremst\u00edlus: Modern \u00e9s klasszikus tal\u00e1lkoz\u00e1sa<\/h2>\n<p>Az Andr\u00e1ssy \u00fat \u00e9s az Opera melletti \u00e9tterem Budapest sz\u00edv\u00e9ben egyszerre k\u00e9pviselhet kifinomult fine dining \u00e9lm\u00e9nyt \u00e9s bar\u00e1ts\u00e1gos vend\u00e9gl\u00e1t\u00e1st. Egy j\u00f3l megtervezett belv\u00e1rosi \u00e9tterem nemcsak az \u00e9telekkel, hanem a t\u00e9r hangulat\u00e1val is dolgozik: a klasszikus r\u00e9szletek \u00e9s a modern enteri\u0151r egy\u00fctt adj\u00e1k meg az \u00e9tteremst\u00edlus karakter\u00e9t.<\/p>\n<p>A mai gasztron\u00f3mia egyik leger\u0151sebb trendje a <strong>hagyom\u00e1ny \u00e9s modern<\/strong> tudatos \u00f6sszekapcsol\u00e1sa. Egy eleg\u00e1ns k\u00e1v\u00e9z\u00f3 vagy \u00e9tterem egyszerre lehet gyors \u00fczleti eb\u00e9d helysz\u00edne, d\u00e9lut\u00e1ni tal\u00e1lkoz\u00f3pont \u00e9s esti kulin\u00e1ris c\u00e9lpont. A j\u00f3 vend\u00e9gl\u00e1t\u00e1s ilyenkor a r\u00e9szletekben l\u00e1tszik: figyelmes kiszolg\u00e1l\u00e1s, j\u00f3l fel\u00e9p\u00edtett \u00e9tlap, min\u0151s\u00e9gi alapanyagok.<\/p>\n<p>Az ilyen helyekn\u00e9l az \u00e9tteremst\u00edlus nem d\u00edszlet, hanem a m\u00e1rka r\u00e9sze. A visszafogott vil\u00e1g\u00edt\u00e1s, a gondosan v\u00e1lasztott b\u00fatorok \u00e9s a letisztult t\u00e1lal\u00e1s mind azt er\u0151s\u00edtik, hogy a vend\u00e9g egyszerre \u00e9rezze mag\u00e1t otthonosan \u00e9s k\u00fcl\u00f6nleges alkalmon.<\/p>\n<h2>Z\u00e1r\u00f3 gondolatok: Mi\u00e9rt \u00e9rdemes ell\u00e1togatni a Callas Caf\u00e9 &amp; Restaurant-ba?<\/h2>\n<p>A Callas Caf\u00e9 &amp; Restaurant az egyik olyan \u00e9tterem Budapest sz\u00edv\u00e9ben, ahol az Andr\u00e1ssy \u00fat eleganci\u00e1ja \u00e9s az Opera melletti k\u00fcl\u00f6nleges hangulat azonnal \u00e9rezhet\u0151. Ez a belv\u00e1rosi \u00e9tterem egyszerre k\u00e1v\u00e9z\u00f3, gasztron\u00f3miai \u00e9lm\u00e9ny \u00e9s kifinomult vend\u00e9gl\u00e1t\u00e1s, \u00edgy azoknak is j\u00f3 v\u00e1laszt\u00e1s, akik a h\u00e9tk\u00f6znapi eb\u00e9dn\u00e9l t\u00f6bbre v\u00e1gynak.<\/p>\n<p>Az \u00e9tteremst\u00edlus itt sz\u00e9pen egyens\u00falyoz a hagyom\u00e1ny \u00e9s modern szeml\u00e9let k\u00f6z\u00f6tt: a klasszikus alapokra \u00e9p\u00fcl\u0151, m\u00e9gis friss fog\u00e1sok, a figyelmes kiszolg\u00e1l\u00e1s \u00e9s a letisztult k\u00f6rnyezet egy\u00fctt adj\u00e1k azt a hangulatot, ami miatt a hely k\u00f6nnyen eml\u00e9kezetess\u00e9 v\u00e1lik. Fine dining \u00e9lm\u00e9nyhez k\u00f6zel \u00e1ll, de nem t\u00falz\u00f3an form\u00e1lis.<\/p>\n<p>Ha egy olyan helyet keresel, ahol az \u00edzek, a k\u00f6rnyezet \u00e9s a sz\u00ednvonal egy\u00fctt sz\u00e1m\u00edtanak, a Callas j\u00f3 d\u00f6nt\u00e9s. Legyen sz\u00f3 \u00fczleti tal\u00e1lkoz\u00f3r\u00f3l, romantikus vacsor\u00e1r\u00f3l vagy egy eleg\u00e1ns k\u00e1v\u00e9z\u00e1sr\u00f3l, itt minden adott egy val\u00f3ban ig\u00e9nyes \u00e9lm\u00e9nyhez.<\/p>\n","protected":false},"excerpt":{"rendered":"<p>Callas Caf\u00e9 &amp; Restaurant: Bevezet\u00e9s Budapest sz\u00edv\u00e9ben A Callas Caf\u00e9 &amp; Restaurant azok k\u00f6z\u00e9 az \u00e9tterem Budapest-i helyek k\u00f6z\u00e9 tartozik, ahol m\u00e1r az els\u0151 pillanatban \u00e9rz\u0151dik, hogy a vend\u00e9gl\u00e1t\u00e1s nem puszt\u00e1n kiszolg\u00e1l\u00e1s, hanem \u00e9lm\u00e9ny. Az Andr\u00e1ssy \u00fat eleg\u00e1ns forgatag\u00e1ban, az Opera mellett elhelyezked\u0151 belv\u00e1rosi \u00e9tterem egyszerre sug\u00e1roz t\u00f6rt\u00e9nelmi hangulatot \u00e9s mai lend\u00fcletet. Ez a k\u00fcl\u00f6nleges [&hellip;]<\/p>\n","protected":false},"author":1,"featured_media":0,"comment_status":"closed","ping_status":"open","sticky":false,"template":"","format":"standard","meta":{"_vp_format_video_url":"","_vp_image_focal_point":[],"footnotes":""},"categories":[64248],"tags":[],"_links":{"self":[{"href":"http:\/\/www.commune-hammamet.gov.tn\/index.php?rest_route=\/wp\/v2\/posts\/79550"}],"collection":[{"href":"http:\/\/www.commune-hammamet.gov.tn\/index.php?rest_route=\/wp\/v2\/posts"}],"about":[{"href":"http:\/\/www.commune-hammamet.gov.tn\/index.php?rest_route=\/wp\/v2\/types\/post"}],"author":[{"embeddable":true,"href":"http:\/\/www.commune-hammamet.gov.tn\/index.php?rest_route=\/wp\/v2\/users\/1"}],"replies":[{"embeddable":true,"href":"http:\/\/www.commune-hammamet.gov.tn\/index.php?rest_route=%2Fwp%2Fv2%2Fcomments&post=79550"}],"version-history":[{"count":1,"href":"http:\/\/www.commune-hammamet.gov.tn\/index.php?rest_route=\/wp\/v2\/posts\/79550\/revisions"}],"predecessor-version":[{"id":79551,"href":"http:\/\/www.commune-hammamet.gov.tn\/index.php?rest_route=\/wp\/v2\/posts\/79550\/revisions\/79551"}],"wp:attachment":[{"href":"http:\/\/www.commune-hammamet.gov.tn\/index.php?rest_route=%2Fwp%2Fv2%2Fmedia&parent=79550"}],"wp:term":[{"taxonomy":"category","embeddable":true,"href":"http:\/\/www.commune-hammamet.gov.tn\/index.php?rest_route=%2Fwp%2Fv2%2Fcategories&post=79550"},{"taxonomy":"post_tag","embeddable":true,"href":"http:\/\/www.commune-hammamet.gov.tn\/index.php?rest_route=%2Fwp%2Fv2%2Ftags&post=79550"}],"curies":[{"name":"wp","href":"https:\/\/api.w.org\/{rel}","templated":true}]}}