{"id":79750,"date":"2025-12-25T21:11:40","date_gmt":"2025-12-25T18:11:40","guid":{"rendered":"http:\/\/www.commune-hammamet.gov.tn\/?p=79750"},"modified":"2026-04-29T13:35:18","modified_gmt":"2026-04-29T10:35:18","slug":"klimakrise-in-der-schweiz-dringlichkeit-und-massnahmen","status":"publish","type":"post","link":"http:\/\/www.commune-hammamet.gov.tn\/klimakrise-in-der-schweiz-dringlichkeit-und-massnahmen\/","title":{"rendered":"Klimakrise in der Schweiz: Dringlichkeit und Ma\u00dfnahmen"},"content":{"rendered":"<h2>Einleitung: Die Dringlichkeit der Klimakrise in der Schweiz<\/h2>\n<p>Die Klimakrise ist in der Schweiz l\u00e4ngst keine abstrakte Zukunftsfrage mehr, sondern eine sp\u00fcrbare Realit\u00e4t. Steigende Temperaturen, h\u00e4ufigere Hitzewellen und schmelzende Gletscher zeigen deutlich, wie stark die globale Erw\u00e4rmung das Land bereits ver\u00e4ndert. Mit der zunehmenden CO2-Konzentration in der Atmosph\u00e4re wachsen auch die Klimafolgen: Trockenperioden belasten Landwirtschaft und Wasserversorgung, w\u00e4hrend Starkregen und Murg\u00e4nge das Risiko von Sch\u00e4den erh\u00f6hen.<\/p>\n<p>Besonders alarmierend sind die wissenschaftlichen Warnungen, die seit Jahren auf eine Versch\u00e4rfung der Lage hinweisen. Die Schweiz erw\u00e4rmt sich schneller als der weltweite Durchschnitt, was die \u00f6kologische Krise zus\u00e4tzlich versch\u00e4rft. Dadurch geraten nicht nur \u00d6kosysteme unter Druck, sondern auch der Biodiversit\u00e4tsverlust nimmt sp\u00fcrbar zu. Arten in den Alpen, in Seen und in W\u00e4ldern verlieren ihren Lebensraum, weil sich Temperatur- und Niederschlagsmuster rasch ver\u00e4ndern.<\/p>\n<p>Hinzu kommt, dass Treibhausgase aus Verkehr, Geb\u00e4uden und Industrie die Entwicklung weiter antreiben. Ohne entschlossenes Handeln droht aus der Klimakrise eine ernsthafte Umweltkatastrophe mit Folgen f\u00fcr Gesundheit, Infrastruktur und Wirtschaft. Gerade in einem Land mit sensiblen Alpenregionen und dicht besiedelten T\u00e4lern ist es wichtig, die Risiken klar zu benennen und fr\u00fchzeitig <a href=\"https:\/\/xrebellionch.com\/\">https:\/\/xrebellionch.com\/<\/a> gegenzusteuern.<\/p>\n<p>Die Frage ist deshalb nicht mehr, ob gehandelt werden muss, sondern wie schnell. Wer die Lage ernst nimmt, erkennt: Es geht nicht nur um Umweltpolitik, sondern um die Stabilit\u00e4t von Gesellschaft und Lebensqualit\u00e4t insgesamt. Denn je l\u00e4nger Ma\u00dfnahmen verz\u00f6gert werden, desto gr\u00f6\u00dfer wird das Risiko eines gesellschaftlichen Kollaps in einzelnen besonders betroffenen Bereichen.<\/p>\n<h2>Ursachen der Klimakrise: Globale Erw\u00e4rmung und CO2-Konzentration<\/h2>\n<p>Die Klimakrise ist eine der dr\u00e4ngendsten Herausforderungen unserer Zeit, und zentrale Ursache daf\u00fcr ist die globale Erw\u00e4rmung. Diese entsteht vor allem durch eine steigende <strong>CO2-Konzentration<\/strong> in der Atmosph\u00e4re, die durch menschliche Aktivit\u00e4ten wie Industrieproduktion und Verkehr verst\u00e4rkt wird. Der Anstieg der Temperatur hat gravierende Auswirkungen auf unsere Umwelt, einschlie\u00dflich einer Zunahme von <strong>Umweltkatastrophen<\/strong> und extremen Wetterereignissen.<\/p>\n<p>Die Auswirkungen der globalen Erw\u00e4rmung sind un\u00fcbersehbar. <strong>Treibhausgase<\/strong> wie CO2 und Methan tragen nicht nur zur Erderw\u00e4rmung bei, sondern f\u00fchren auch zu einem beschleunigten <strong>Biodiversit\u00e4tsverlust<\/strong>, da viele Arten sich nicht schnell genug an die ver\u00e4ndernden Klimabedingungen anpassen k\u00f6nnen. Wissenschaftliche Warnungen verdeutlichen, dass wir dringend handeln m\u00fcssen, um katastrophale Klimafolgen zu vermeiden.<\/p>\n<p>Ein weiteres zentrales Element dieser \u00f6kologischen Krise ist der gesellschaftliche Kollaps, der aus dem ungebremsten Verbrauch von Ressourcen resultiert. Um nachhaltige L\u00f6sungen zu finden, bedarf es eines globalen Umdenkens und eines umfassenden Bewusstseinswandels. Nur durch gemeinsames Handeln k\u00f6nnen wir die Ursachen der Klimakrise mindern und die Erde f\u00fcr zuk\u00fcnftige Generationen bewahren.<\/p>\n<h2>Folgen der Klimakrise: Biodiversit\u00e4tsverlust und Umweltkatastrophen<\/h2>\n<p>Die Klimakrise hat weitreichende Folgen, die sich in einem dramatischen <strong>Biodiversit\u00e4tsverlust<\/strong> manifestieren. Mit steigender <strong>CO2-Konzentration<\/strong> und der globalen Erw\u00e4rmung erleben wir, wie Lebensr\u00e4ume von Tieren und Pflanzen bedroht werden. Wissenschaftliche Warnungen zeigen, dass \u00fcber eine Million Arten in den n\u00e4chsten Jahrzehnten vom Aussterben bedroht sind, was nicht nur die Natur, sondern auch unsere Lebensgrundlagen gef\u00e4hrdet.<\/p>\n<p>Umweltkatastrophen wie extremere Wetterereignisse, D\u00fcrreperioden und \u00dcberschwemmungen sind direkte <strong>Klimafolgen<\/strong> der erh\u00f6hten <strong>Treibhausgase<\/strong> in der Atmosph\u00e4re. Diese Ereignisse destabilisieren \u00d6kosysteme und f\u00fchren zu einem <strong>gesellschaftlichen Kollaps<\/strong>, da Ressourcen knapper werden und Konflikte zunehmen.<\/p>\n<p>Dar\u00fcber hinaus verst\u00e4rkt der Verlust der biologischen Vielfalt die \u00f6kologischen Krisen, mit denen wir konfrontiert sind. Die Reduktion von Best\u00e4ubern, wie Bienen, gef\u00e4hrdet unsere Nahrungsmittelproduktion und erh\u00f6ht das Risiko von Ernteausf\u00e4llen. Um diese Herausforderungen zu meistern, ist ein sofortiges Handeln notwendig, um die negativen Auswirkungen der Klimakrise abzumildern.<\/p>\n<h2>Ma\u00dfnahmen zur Bek\u00e4mpfung der Klimakrise: Politische und gesellschaftliche Ans\u00e4tze<\/h2>\n<p>Die Klimakrise erfordert dringende Ma\u00dfnahmen auf politischer und gesellschaftlicher Ebene. Regierungen weltweit m\u00fcssen ehrgeizige Ziele zur Reduzierung der <strong>Treibhausgase<\/strong> festlegen, um die <strong>CO2-Konzentration<\/strong> in der Atmosph\u00e4re zu senken und die <strong>globale Erw\u00e4rmung<\/strong> zu begrenzen.<\/p>\n<p>Ein Beispiel f\u00fcr politische Initiativen sind internationale Abkommen wie das Pariser Klimaabkommen, das L\u00e4nder verpflichtet, ihre Emissionen zu reduzieren und den <strong>Biodiversit\u00e4tsverlust<\/strong> zu stoppen. Gleichzeitig m\u00fcssen gesellschaftliche Ans\u00e4tze gef\u00f6rdert werden, indem das Bewusstsein f\u00fcr die <strong>\u00f6kologische Krise<\/strong> gesch\u00e4rft wird.<\/p>\n<p>Bildungsprogramme und lokale Initiativen k\u00f6nnen helfen, das Verst\u00e4ndnis f\u00fcr die <strong>Klimafolgen<\/strong> zu vertiefen und die Bev\u00f6lkerung zu mobilisieren. Nur durch kollektives Handeln k\u00f6nnen wir einer <strong>Umweltkatastrophe<\/strong> und einem m\u00f6glichen <strong>gesellschaftlichen Kollaps<\/strong> entgegentreten. Wissenschaftliche Warnungen m\u00fcssen ernst genommen werden, um nachhaltige L\u00f6sungen zu entwickeln.<\/p>\n<h2>Wissenschaftliche Warnungen und der Weg zu nachhaltiger Entwicklung<\/h2>\n<p>Die Klimakrise und die globale Erw\u00e4rmung sind alarmierende Realit\u00e4t, die unsere Umwelt und zuk\u00fcnftige Generationen bedrohen. Mit zunehmender CO2-Konzentration in der Atmosph\u00e4re erreichen wir kritische Punkte, die zu \u00f6kologischen Krisen f\u00fchren k\u00f6nnen.<\/p>\n<p>Wissenschaftliche Warnungen betonen den Zusammenhang zwischen der Emission von Treibhausgasen und dem Biodiversit\u00e4tsverlust. Sollte diese Entwicklung anhalten, sind nicht nur Umweltkatastrophen vorprogrammiert, sondern auch ein gesellschaftlicher Kollaps k\u00f6nnte die Folge sein.<\/p>\n<p>Der Weg zu nachhaltiger Entwicklung liegt in der dringenden Umsetzung von Schutzma\u00dfnahmen. Nur durch kollektives Handeln k\u00f6nnen wir die Klimafolgen eind\u00e4mmen und zuk\u00fcnftigen Generationen einen gesunden Planeten hinterlassen.<\/p>\n<p>Beispiele wie die Reduktion des Plastikverbrauchs oder die F\u00f6rderung erneuerbarer Energien zeigen, wie wir aktiv werden k\u00f6nnen. Jeder Schritt z\u00e4hlt in unserem Kampf gegen die klimatischen Herausforderungen.<\/p>\n<p>Das Bewusstsein um diese Themen st\u00e4rken, ist unerl\u00e4sslich, um die nachhaltigen Ver\u00e4nderungen zu initiieren, die wir ben\u00f6tigen. Gemeinsam k\u00f6nnen wir einen positiven Einfluss auf unsere Umwelt aus\u00fcben und die kommenden Generationen sch\u00fctzen.<\/p>\n","protected":false},"excerpt":{"rendered":"<p>Einleitung: Die Dringlichkeit der Klimakrise in der Schweiz Die Klimakrise ist in der Schweiz l\u00e4ngst keine abstrakte Zukunftsfrage mehr, sondern eine sp\u00fcrbare Realit\u00e4t. Steigende Temperaturen, h\u00e4ufigere Hitzewellen und schmelzende Gletscher zeigen deutlich, wie stark die globale Erw\u00e4rmung das Land bereits ver\u00e4ndert. Mit der zunehmenden CO2-Konzentration in der Atmosph\u00e4re wachsen auch die Klimafolgen: Trockenperioden belasten Landwirtschaft [&hellip;]<\/p>\n","protected":false},"author":1,"featured_media":0,"comment_status":"closed","ping_status":"open","sticky":false,"template":"","format":"standard","meta":{"_vp_format_video_url":"","_vp_image_focal_point":[],"footnotes":""},"categories":[64737],"tags":[],"_links":{"self":[{"href":"http:\/\/www.commune-hammamet.gov.tn\/wp-json\/wp\/v2\/posts\/79750"}],"collection":[{"href":"http:\/\/www.commune-hammamet.gov.tn\/wp-json\/wp\/v2\/posts"}],"about":[{"href":"http:\/\/www.commune-hammamet.gov.tn\/wp-json\/wp\/v2\/types\/post"}],"author":[{"embeddable":true,"href":"http:\/\/www.commune-hammamet.gov.tn\/wp-json\/wp\/v2\/users\/1"}],"replies":[{"embeddable":true,"href":"http:\/\/www.commune-hammamet.gov.tn\/wp-json\/wp\/v2\/comments?post=79750"}],"version-history":[{"count":1,"href":"http:\/\/www.commune-hammamet.gov.tn\/wp-json\/wp\/v2\/posts\/79750\/revisions"}],"predecessor-version":[{"id":79751,"href":"http:\/\/www.commune-hammamet.gov.tn\/wp-json\/wp\/v2\/posts\/79750\/revisions\/79751"}],"wp:attachment":[{"href":"http:\/\/www.commune-hammamet.gov.tn\/wp-json\/wp\/v2\/media?parent=79750"}],"wp:term":[{"taxonomy":"category","embeddable":true,"href":"http:\/\/www.commune-hammamet.gov.tn\/wp-json\/wp\/v2\/categories?post=79750"},{"taxonomy":"post_tag","embeddable":true,"href":"http:\/\/www.commune-hammamet.gov.tn\/wp-json\/wp\/v2\/tags?post=79750"}],"curies":[{"name":"wp","href":"https:\/\/api.w.org\/{rel}","templated":true}]}}